{"id":3469,"date":"2023-07-24T15:59:35","date_gmt":"2023-07-24T15:59:35","guid":{"rendered":"https:\/\/postumo.fr\/?p=3469"},"modified":"2023-08-18T16:09:03","modified_gmt":"2023-08-18T16:09:03","slug":"capital-deces-cpam","status":"publish","type":"post","link":"https:\/\/www.postumo.fr\/en\/capital-deces-cpam\/","title":{"rendered":"CPAM Death Grant (French Social Security): everything you need to know"},"content":{"rendered":"<h2><span style=\"font-weight: 400;\">Le Capital D\u00e9c\u00e8s CPAM, une aide financi\u00e8re apr\u00e8s la perte d&rsquo;un proche\u00a0<\/span><\/h2>\n<p><span style=\"font-weight: 400;\">La perte d\u2019un \u00eatre cher est une \u00e9preuve difficile, mais il est essentiel de conna\u00eetre vos droits et obligations apr\u00e8s un d\u00e9c\u00e8s. Il y a \u00e0 la fois des d\u00e9marches indispensables qui doivent \u00eatre effectu\u00e9es, et des demandes d\u2019aide ou de prestations financi\u00e8res dont peut b\u00e9n\u00e9ficier la famille ou les ayants droits. Trop souvent, les proches d\u2019un d\u00e9funt n\u2019ont pas connaissance de l\u2019ensemble des formalit\u00e9s apr\u00e8s le d\u00e9c\u00e8s d\u2019un \u00eatre cher. Se faire accompagner dans toutes les d\u00e9marches obligatoires, c\u2019est la mission de Postumo. Cependant, la plate-forme vous accompagne \u00e9galement pour lister l\u2019ensemble des aides financi\u00e8res auxquelles vous \u00eates potentiellement \u00e9ligible. De nombreuses personnes ne b\u00e9n\u00e9ficient pas du soutien financier des administrations ou des assurances, <\/span><a href=\"https:\/\/www.postumo.fr\/en\/demarches-apres-deces-essentielle\/\" target=\"_blank\" rel=\"noopener\"><span style=\"font-weight: 400;\">apr\u00e8s le d\u00e9c\u00e8s<\/span><\/a><span style=\"font-weight: 400;\"> de leur conjoint, de leurs parents, ou parfois m\u00eame de leur enfant.<\/span><\/p>\n<p><span style=\"font-weight: 400;\">Le capital d\u00e9c\u00e8s CPAM (Caisse Primaire d\u2019Assurance Maladie) \u2013 ou Capital D\u00e9c\u00e8s S\u00e9curit\u00e9 sociale \u2013 est une <\/span><a href=\"https:\/\/www.postumo.fr\/en\/allocation-deces\/\" target=\"_blank\" rel=\"noopener\"><b>aide financi\u00e8re<\/b><\/a><span style=\"font-weight: 400;\"> qui survient apr\u00e8s la perte d\u2019un proche. De nombreuses personnes y sont \u00e9ligible en fonction de leur profil. <\/span><b>Prestation vers\u00e9e par la Caisse Primaire d\u2019Assurance Maladie (CPAM)<\/b><span style=\"font-weight: 400;\"> en France pour aider les familles \u00e0 faire face aux d\u00e9penses li\u00e9es \u00e0 un d\u00e9c\u00e8s.<\/span><\/p>\n<p>&nbsp;<\/p>\n<h3><b>Comprendre le Capital D\u00e9c\u00e8s et comment en b\u00e9n\u00e9ficier.<\/b><\/h3>\n<p><span style=\"font-weight: 400;\">Cet article fournit des informations d\u00e9taill\u00e9es sur le capital d\u00e9c\u00e8s CPAM, y compris sa d\u00e9finition, les conditions d\u2019\u00e9ligibilit\u00e9, les d\u00e9marches \u00e0 suivre pour faire une demande et la date de versement de la prestation. Il a pour objectif de vous accompagner pour comprendre vos droits et savoir comment faire <\/span><b>une demande de prestation en cas de besoin.<\/b><span style=\"font-weight: 400;\">\u00a0<\/span><\/p>\n<p><span style=\"font-weight: 400;\">Nous consacrerons un ensemble d\u2019articles \u00e0 parler du capital d\u00e9c\u00e8s pour les diff\u00e9rents parcours de vie, et ajouterons les liens vers les articles ici au fur et \u00e0 mesure. N\u2019h\u00e9sitez pas \u00e0 revenir \u00e0 cet article r\u00e9guli\u00e8rement pour y trouver des informations plus d\u00e9taill\u00e9es.<\/span><\/p>\n<p>&nbsp;<\/p>\n<p><img fetchpriority=\"high\" decoding=\"async\" class=\"aligncenter wp-image-3555 size-large\" src=\"https:\/\/postumo.fr\/wp-content\/uploads\/2023\/06\/soutient-deces-1024x724.jpg\" alt=\"Le capital d\u00e9c\u00e8s, une aide financi\u00e8re apr\u00e8s la perte d&#039;un proche \" width=\"1024\" height=\"724\" title=\"\" srcset=\"https:\/\/www.postumo.fr\/wp-content\/uploads\/2023\/06\/soutient-deces-1024x724.jpg 1024w, https:\/\/www.postumo.fr\/wp-content\/uploads\/2023\/06\/soutient-deces-300x212.jpg 300w, https:\/\/www.postumo.fr\/wp-content\/uploads\/2023\/06\/soutient-deces-768x543.jpg 768w, https:\/\/www.postumo.fr\/wp-content\/uploads\/2023\/06\/soutient-deces.jpg 1500w\" sizes=\"(max-width: 1024px) 100vw, 1024px\" \/><\/p>\n<p>&nbsp;<\/p>\n<p>&nbsp;<\/p>\n<h2><b>Qu&rsquo;est-ce que le capital d\u00e9c\u00e8s CPAM ?<\/b><\/h2>\n<h3><b>D\u00e9finition du capital d\u00e9c\u00e8s CPAM<\/b><\/h3>\n<p><span style=\"font-weight: 400;\">Le capital d\u00e9c\u00e8s CPAM est une prestation vers\u00e9e par la <\/span><a href=\"https:\/\/www.ameli.fr\/entreprise\/vos-salaries\/montants-reference\/capital-deces\" target=\"_blank\" rel=\"noopener\"><span style=\"font-weight: 400;\">Caisse Primaire d\u2019Assurance Maladie (CPAM)<\/span><\/a><span style=\"font-weight: 400;\"> en cas de d\u00e9c\u00e8s d\u2019un assur\u00e9 social. Il s\u2019agit d\u2019une <\/span><b>aide financi\u00e8re<\/b><span style=\"font-weight: 400;\"> destin\u00e9e \u00e0 soutenir les proches, elle est vers\u00e9e sous certaines conditions.<\/span><\/p>\n<p><span style=\"font-weight: 400;\">Le capital d\u00e9c\u00e8s n\u2019est pas automatique, il est n\u00e9cessaire d\u2019en faire la demande aupr\u00e8s de la CPAM.<\/span><\/p>\n<p><img decoding=\"async\" class=\"size-medium wp-image-3472 aligncenter\" src=\"https:\/\/postumo.fr\/wp-content\/uploads\/2023\/06\/capital-deces-cpam-300x158.png\" alt=\"Capital d\u00e9c\u00e8s CPAM\" width=\"300\" height=\"158\" title=\"\" srcset=\"https:\/\/www.postumo.fr\/wp-content\/uploads\/2023\/06\/capital-deces-cpam-300x158.png 300w, https:\/\/www.postumo.fr\/wp-content\/uploads\/2023\/06\/capital-deces-cpam-1024x538.png 1024w, https:\/\/www.postumo.fr\/wp-content\/uploads\/2023\/06\/capital-deces-cpam-768x403.png 768w, https:\/\/www.postumo.fr\/wp-content\/uploads\/2023\/06\/capital-deces-cpam.png 1200w\" sizes=\"(max-width: 300px) 100vw, 300px\" \/><\/p>\n<h3><b>Qui est \u00e9ligible au capital d\u00e9c\u00e8s CPAM ?<\/b><\/h3>\n<p><span style=\"font-weight: 400;\">Pour \u00eatre \u00e9ligible, il faut tout d\u2019abord, le d\u00e9funt doit \u00eatre<\/span><b> un assur\u00e9 social \u00e0 jour de ses cotisations <\/b><span style=\"font-weight: 400;\">d&rsquo;assurance invalidit\u00e9-d\u00e9c\u00e8s, assurance vieillesse, et retraite compl\u00e9mentaire<\/span><span style=\"font-weight: 400;\">.\u00a0<\/span><\/p>\n<p>&nbsp;<\/p>\n<h3><b>Existe-t-il des conditions pour l&rsquo;attribution du capital d\u00e9c\u00e8s ?\u00a0<\/b><\/h3>\n<p><span style=\"font-weight: 400;\">Effectivement le capital d\u00e9c\u00e8s est soumis \u00e0 des conditions li\u00e9es \u00e0 la situation professionnelle du d\u00e9funt mais \u00e9galement au lien de parent\u00e9 entre ce dernier et le demandeur.<\/span><\/p>\n<p><b>Les conditions d&rsquo;attribution du capital d\u00e9c\u00e8s varient selon la situation professionnelle du d\u00e9funt et la dur\u00e9e de cette activit\u00e9. La liste ci-dessous vous aidera \u00e0 mieux comprendre les tenants et les aboutissants de cette aide.<\/b><\/p>\n<table>\n<tbody>\n<tr>\n<td><b>Situation professionnelle du d\u00e9funt au moment du d\u00e9c\u00e8s<\/b><\/td>\n<td><b>Conditions li\u00e9es \u00e0 cette situation<\/b><\/td>\n<td><b>Autres conditions<\/b><\/td>\n<\/tr>\n<tr>\n<td><span style=\"font-weight: 400;\">Salari\u00e9<\/span><\/td>\n<td><span style=\"font-weight: 400;\">3 mois cons\u00e9cutif pr\u00e9c\u00e9dant son d\u00e9c\u00e8s<\/span><\/td>\n<td><span style=\"font-weight: 400;\">ou fin d\u2019activit\u00e9 salari\u00e9e depuis moins de 12 mois<\/span><\/td>\n<\/tr>\n<tr>\n<td><span style=\"font-weight: 400;\">P\u00f4le emploi<\/span><\/td>\n<td><span style=\"font-weight: 400;\">Indemnis\u00e9 pendant les 3 mois pr\u00e9c\u00e9dant son d\u00e9c\u00e8s<\/span><\/td>\n<td><span style=\"font-weight: 400;\">ou sorti de cette situation depuis moins de 12 mois<\/span><\/td>\n<\/tr>\n<tr>\n<td><span style=\"font-weight: 400;\">Titulaire d\u2019une pension d\u2019invalidit\u00e9<\/span><\/td>\n<td><span style=\"font-weight: 400;\">pension touch\u00e9e pendant les 3 mois pr\u00e9c\u00e9dant son d\u00e9c\u00e8s<\/span><\/td>\n<td><span style=\"font-weight: 400;\">ou sorti de cette situation depuis moins de 12 mois<\/span><\/td>\n<\/tr>\n<tr>\n<td><span style=\"font-weight: 400;\">Titulaire d\u2019une rente accident du travail ou maladie professionnelle<\/span><\/td>\n<td><span style=\"font-weight: 400;\">Incapacit\u00e9 permanente physique d\u2019au moins 66,66%<\/span><\/td>\n<td><span style=\"font-weight: 400;\">ou sorti de cette situation depuis moins de 12 mois<\/span><\/td>\n<\/tr>\n<tr>\n<td><span style=\"font-weight: 400;\">Travailleur ind\u00e9pendant dans l\u2019artisanat <\/span><b>et non retrait\u00e9<\/b><\/td>\n<td><span style=\"font-weight: 400;\">\u25c9 <\/span><span style=\"font-weight: 400;\">Il devait \u00eatre <\/span><span style=\"font-weight: 400;\">affili\u00e9 et immatricul\u00e9 ou avoir \u00e9t\u00e9 immatricul\u00e9 en dernier lieu au r\u00e9gime d&rsquo;assurance vieillesse et au r\u00e9gime invalidit\u00e9-d\u00e9c\u00e8s des professions artisanales de la s\u00e9curit\u00e9 sociale des ind\u00e9pendants et avoir cotis\u00e9 \u00e0 ces r\u00e9gimes.<\/span><\/p>\n<p><span style=\"font-weight: 400;\">\u25c9 <\/span><span style=\"font-weight: 400;\">Il ne devait pas avoir exerc\u00e9 d\u2019activit\u00e9 entra\u00eenant son immatriculation \u00e0 un autre r\u00e9gime l\u00e9gal ou r\u00e9glementaire de s\u00e9curit\u00e9 sociale pendant la p\u00e9riode d\u2019interruption de l&rsquo;activit\u00e9 artisanale comprise entre le d\u00e9but d\u2019une maladie ou d\u2019un accident et le d\u00e9c\u00e8s, par suite de cette maladie ou accident.<\/span><\/td>\n<td><span style=\"font-weight: 400;\">\u25c9 <\/span><span style=\"font-weight: 400;\">Il ne devait \u00eatre <\/span><span style=\"font-weight: 400;\">\u00e0 jour de ses cotisations<\/span> <span style=\"font-weight: 400;\">d&rsquo;assurance invalidit\u00e9-d\u00e9c\u00e8s, assurance vieillesse, et retraite compl\u00e9mentaire<\/span><span style=\"font-weight: 400;\">.<\/span><span style=\"font-weight: 400;\">\u00a0<\/span><\/p>\n<p><span style=\"font-weight: 400;\">\u25c9 <\/span><span style=\"font-weight: 400;\">Il ne devait pas b\u00e9n\u00e9ficier d\u2019une pension de vieillesse<\/span><\/td>\n<\/tr>\n<tr>\n<td><span style=\"font-weight: 400;\">Travailleur ind\u00e9pendant en tant que commer\u00e7ant <\/span><b>et non retrait\u00e9<\/b><\/td>\n<td><span style=\"font-weight: 400;\">\u25c9 <\/span><span style=\"font-weight: 400;\">Il devait \u00eatre <\/span><span style=\"font-weight: 400;\">affili\u00e9 et avoir cotis\u00e9 \u00e0 la s\u00e9curit\u00e9 sociale pour les ind\u00e9pendants en tant que commer\u00e7ant au moment du d\u00e9c\u00e8s ou percevoir d\u2019une pension d\u2019invalidit\u00e9;<\/span><\/p>\n<p><span style=\"font-weight: 400;\">\u25c9 <\/span><span style=\"font-weight: 400;\">Il devait \u00eatre <\/span><span style=\"font-weight: 400;\">\u00e0 jour de ses cotisations<\/span> <span style=\"font-weight: 400;\">d&rsquo;assurance invalidit\u00e9-d\u00e9c\u00e8s, assurance vieillesse du r\u00e9gime des commer\u00e7ants.<\/span><\/td>\n<td><span style=\"font-weight: 400;\">\u25c9 <\/span><span style=\"font-weight: 400;\">Il ne devait pas b\u00e9n\u00e9ficier d\u2019une pension de vieillesse.<\/span><\/td>\n<\/tr>\n<tr>\n<td><span style=\"font-weight: 400;\">Travailleur ind\u00e9pendant \u00e0 la retraite<\/span><\/td>\n<td><span style=\"font-weight: 400;\">\u25c9 <\/span><span style=\"font-weight: 400;\">Avoir la qualit\u00e9 de retrait\u00e9;<\/span><\/p>\n<p><span style=\"font-weight: 400;\">\u25c9 <\/span><span style=\"font-weight: 400;\">Avoir valid\u00e9 au moins 80 trimestre d\u2019assurance \u00e0 la s\u00e9curit\u00e9 sociale en tant qu\u2019artisan ou commer\u00e7ant;<\/span><\/p>\n<p><span style=\"font-weight: 400;\">\u25c9 <\/span><span style=\"font-weight: 400;\">Avoir \u00e9t\u00e9 artisan ou commer\u00e7ant lors de la derni\u00e8re ann\u00e9e d\u2019exercice ou en tant qu\u2019ancien artisan reconnu incapable du m\u00e9tier et ayant repris une activit\u00e9 professionnelle autre.<\/span><\/td>\n<td><span style=\"font-weight: 400;\">Il ne devait \u00eatre <\/span><span style=\"font-weight: 400;\">\u00e0 jour de toutes les cotisations<\/span> <span style=\"font-weight: 400;\">vieillesse de base et compl\u00e9mentaire, invalidit\u00e9 et d\u00e9c\u00e8s du r\u00e9gime des artisans..<\/span><\/td>\n<\/tr>\n<\/tbody>\n<\/table>\n<h3><\/h3>\n<p><img decoding=\"async\" class=\"wp-image-4432 size-large aligncenter\" src=\"https:\/\/postumo.fr\/wp-content\/uploads\/2023\/07\/capital-deces-cpam-ayants-droits-1024x683.jpg\" alt=\"capital deces cpam ayants droits\" width=\"1024\" height=\"683\" title=\"\" srcset=\"https:\/\/www.postumo.fr\/wp-content\/uploads\/2023\/07\/capital-deces-cpam-ayants-droits-1024x683.jpg 1024w, https:\/\/www.postumo.fr\/wp-content\/uploads\/2023\/07\/capital-deces-cpam-ayants-droits-300x200.jpg 300w, https:\/\/www.postumo.fr\/wp-content\/uploads\/2023\/07\/capital-deces-cpam-ayants-droits-768x512.jpg 768w, https:\/\/www.postumo.fr\/wp-content\/uploads\/2023\/07\/capital-deces-cpam-ayants-droits-610x407.jpg 610w, https:\/\/www.postumo.fr\/wp-content\/uploads\/2023\/07\/capital-deces-cpam-ayants-droits.jpg 1500w\" sizes=\"(max-width: 1024px) 100vw, 1024px\" \/><\/p>\n<p>&nbsp;<\/p>\n<h3><b>Qui sont les ayants droit \u00e9ligibles au capital d\u00e9c\u00e8s de la CPAM<\/b> <b>?<\/b><\/h3>\n<p><span style=\"font-weight: 400;\">Les personnes qui \u00e9taient \u00e0 la charge effective, totale et permanente du d\u00e9funt au moment du d\u00e9c\u00e8s sont appel\u00e9es \u201c<\/span><b>b\u00e9n\u00e9ficiaires prioritaires<\/b><span style=\"font-weight: 400;\">\u201d. Elles peuvent \u00eatre amen\u00e9es \u00e0 prouver qu\u2019elles \u00e9taient d\u00e9pendantes financi\u00e8rement du d\u00e9funt (exemple : l\u2019assur\u00e9 subvenait aux besoins d\u2019un enfant ou d\u2019un parent qui est sans activit\u00e9 professionnelle)<\/span><\/p>\n<p><span style=\"font-weight: 400;\">Il peut s\u2019agir :\u00a0<\/span><\/p>\n<ul>\n<li style=\"font-weight: 400;\" aria-level=\"1\"><span style=\"font-weight: 400;\">du conjoint survivant ou partenaire de pacs (si le d\u00e9funt \u00e9tait un travailleur salari\u00e9),\u00a0<\/span><\/li>\n<li style=\"font-weight: 400;\" aria-level=\"1\"><span style=\"font-weight: 400;\">du conjoint non s\u00e9par\u00e9 de droit ou de fait (si le d\u00e9funt avait le statut de travailleur ind\u00e9pendant) ou;.<\/span><\/li>\n<li style=\"font-weight: 400;\" aria-level=\"1\"><span style=\"font-weight: 400;\">des enfants en l\u2019absence de conjoint ou de partenaire de pacs ou;<\/span><\/li>\n<li style=\"font-weight: 400;\" aria-level=\"1\"><span style=\"font-weight: 400;\">des ascendants (parents ou grands-parents) du d\u00e9funt en l\u2019absence de conjoint, de partenaire de pacs ou d\u2019enfant.<\/span><\/li>\n<\/ul>\n<p><span style=\"font-weight: 400;\">Les b\u00e9n\u00e9ficiaires prioritaires disposent d\u2019un d\u00e9lai d\u2019un (1) mois pour effectuer une demande.\u00a0<\/span><\/p>\n<p><b>Pass\u00e9 ce d\u00e9lai ou en l\u2019absence de b\u00e9n\u00e9ficiaires prioritaires alors, dans le capital peut-\u00eatre vers\u00e9 dans le m\u00eame ordre<\/b><span style=\"font-weight: 400;\">, les b\u00e9n\u00e9ficiaires sont alors appel\u00e9s b\u00e9n\u00e9ficiaires non prioritaires disposent alors d\u2019un d\u00e9lai de 2 ans \u00e0 compter de la date du d\u00e9c\u00e8s.<\/span><\/p>\n<h4><b>Cas particulier des enfants d\u2019un travailleur ind\u00e9pendant <\/b><b>\u00a0<\/b><\/h4>\n<p><span style=\"font-weight: 400;\">Pour les enfants \u00e0 charge et \u00e2g\u00e9s de moins de 16 ans au moment du d\u00e9c\u00e8s, un capital orphelin peut \u00eatre vers\u00e9. Il peut l\u2019\u00eatre \u00e9galement pour les enfants dont l\u2019\u00e2ge se situe entre 16 ans et moins de 20 ans s\u2019ils continuent leur \u00e9tude ou sont en phase d\u2019apprentissage.<\/span><\/p>\n<p><span style=\"font-weight: 400;\">Enfin, les enfants qui sont en situation de handicap peuvent obtenir le capital orphelin et ce, quel que soit leur \u00e2ge.<\/span><\/p>\n<p><span style=\"font-weight: 400;\">La demande de capital d\u00e9c\u00e8s pour les enfants mineurs doit \u00eatre effectu\u00e9 par le repr\u00e9sentant l\u00e9gal, ou en cas d\u2019absence de repr\u00e9sentant, par le juge du tribunal d\u2019instance. Cette somme devra \u00eatre vers\u00e9e sur un compte bancaire au nom du mineur.<\/span><\/p>\n<h4><b>Cas particulier du d\u00e9c\u00e8s d\u2019un enfant de moins de 25 ans \u00e0 charge.<\/b><\/h4>\n<p><span style=\"font-weight: 400;\">On ne parle plus de capital d\u00e9c\u00e8s mais d\u2019allocation. La demande doit se faire aupr\u00e8s de la CAF. Elle est vers\u00e9e au parent ou au couple qui avait la charge de l\u2019enfant.<\/span><\/p>\n<p><b>A<\/b><b>ucune personne autre que celles cit\u00e9es ci-dessus ne peut r\u00e9clamer le capital d\u00e9c\u00e8s de la S\u00e9curit\u00e9 sociale.<\/b><\/p>\n<p><span style=\"font-weight: 400;\">En pr\u00e9sence de plusieurs b\u00e9n\u00e9ficiaires de m\u00eame rang<\/span> <span style=\"font-weight: 400;\">(enfants ou grands-parents), la somme est alors r\u00e9partie entre eux.<\/span><\/p>\n<p><span style=\"font-weight: 400;\">\u00a0<\/span><\/p>\n<h3><b>Combien s\u2019\u00e9l\u00e8ve le capital d\u00e9c\u00e8s CPAM ?<\/b><\/h3>\n<p><span style=\"font-weight: 400;\">Dans le cas o\u00f9 le d\u00e9funt \u00e9tait salari\u00e9, le <\/span><a href=\"https:\/\/www.ameli.fr\/entreprise\/vos-salaries\/montants-reference\/capital-deces\" target=\"_blank\" rel=\"noopener\"><b>montant du capital d\u00e9c\u00e8s CPAM<\/b><\/a><span style=\"font-weight: 400;\"> est fix\u00e9 \u00e0 <\/span><b>3 738 \u20ac euros <\/b><span style=\"font-weight: 400;\">depuis le 1\u1d49\u02b3 avril 2023. Ce montant est susceptible d\u2019\u00eatre r\u00e9vis\u00e9 chaque ann\u00e9e.<\/span><\/p>\n<p><span style=\"font-weight: 400;\">Le capital d\u00e9c\u00e8s CPAM peut \u00eatre vers\u00e9 en une seule fois ou en plusieurs \u00e9ch\u00e9ances, selon le choix de la personne qui en fait la demande. Le montant peut \u00e9galement \u00eatre r\u00e9parti entre plusieurs b\u00e9n\u00e9ficiaires, en fonction de leur degr\u00e9 de parent\u00e9 avec le d\u00e9funt.<\/span><\/p>\n<p><span style=\"font-weight: 400;\">Le montant du capital d\u00e9c\u00e8s CPAM peut \u00eatre <\/span><b>diff\u00e9rent dans certains cas,<\/b><span style=\"font-weight: 400;\"> par exemple si le d\u00e9funt \u00e9tait travailleur ind\u00e9pendant non retrait\u00e9, il peut \u00eatre \u00e9gal \u00e0 <\/span><b>8 798,40 \u20ac<\/b><span style=\"font-weight: 400;\"> .<\/span><\/p>\n<p><span style=\"font-weight: 400;\">Pour les travailleurs ind\u00e9pendants retrait\u00e9s, il peut \u00eatre \u00e9gal \u00e0 <\/span><b>3 519,36 \u20ac <\/b><span style=\"font-weight: 400;\">ou encore dans le cas o\u00f9 la personne d\u00e9c\u00e9d\u00e9e \u00e9tait praticien ou auxiliaire de vie, les montants peuvent varier entre <\/span><b>un minimum de\u00a0 439,92 \u20ac et un maximum de 10 998 \u20ac.<\/b><\/p>\n<p><span style=\"font-weight: 400;\">Le capital d\u00e9c\u00e8s CPAM est une prestation importante pour les proches d\u2019un assur\u00e9 social d\u00e9c\u00e9d\u00e9. Il permet de <\/span><b>les aider \u00e0 faire face aux frais d\u2019obs\u00e8ques<\/b><span style=\"font-weight: 400;\"> et \u00e0 subvenir \u00e0 leurs besoins financiers dans cette p\u00e9riode difficile. Il est donc important de conna\u00eetre les <\/span><b>conditions d\u2019\u00e9ligibilit\u00e9 <\/b><span style=\"font-weight: 400;\">et les<\/span><b> modalit\u00e9s de versement <\/b><span style=\"font-weight: 400;\">de cette aide financi\u00e8re.<\/span><\/p>\n<p>&nbsp;<\/p>\n<p><img loading=\"lazy\" decoding=\"async\" class=\"size-medium wp-image-3554 aligncenter\" src=\"https:\/\/postumo.fr\/wp-content\/uploads\/2023\/06\/signature-papiers-300x212.jpg\" alt=\"Capital d\u00e9c\u00e8s et aides disponibles apr\u00e8s la perte d&#039;un proche\" width=\"300\" height=\"212\" title=\"\" srcset=\"https:\/\/www.postumo.fr\/wp-content\/uploads\/2023\/06\/signature-papiers-300x212.jpg 300w, https:\/\/www.postumo.fr\/wp-content\/uploads\/2023\/06\/signature-papiers-1024x724.jpg 1024w, https:\/\/www.postumo.fr\/wp-content\/uploads\/2023\/06\/signature-papiers-768x543.jpg 768w, https:\/\/www.postumo.fr\/wp-content\/uploads\/2023\/06\/signature-papiers.jpg 1500w\" sizes=\"(max-width: 300px) 100vw, 300px\" \/><\/p>\n<p>&nbsp;<\/p>\n<h3><b>Comment faire une demande de capital d\u00e9c\u00e8s CPAM ?<\/b><\/h3>\n<p><span style=\"font-weight: 400;\">Le processus de demande de capital d\u00e9c\u00e8s CPAM peut sembler intimidant, mais il est important de se rappeler que <\/span><a href=\"https:\/\/www.postumo.fr\/en\/\" target=\"_blank\" rel=\"noopener\"><b>Postumo <\/b><span style=\"font-weight: 400;\">est l\u00e0 pour aider les individus <\/span><\/a><span style=\"font-weight: 400;\">et les familles dans les moments difficiles et effectuer les d\u00e9marches \u00e0 vos c\u00f4t\u00e9s.\u00a0<\/span><\/p>\n<p><span style=\"font-weight: 400;\">\u00a0<\/span><\/p>\n<p><span style=\"font-weight: 400;\">Voici <\/span><b>un guide \u00e9tape par \u00e9tape <\/b><span style=\"font-weight: 400;\">pour vous aider \u00e0 remplir votre demande de capital d\u00e9c\u00e8s CPAM.<\/span><\/p>\n<p>&nbsp;<\/p>\n<h4><b>Documents n\u00e9cessaires pour faire une demande<\/b><\/h4>\n<p><span style=\"font-weight: 400;\">La demande de capital d\u00e9c\u00e8s aupr\u00e8s de la CPAM doit \u00eatre faite au travers d\u2019un formulaire CERFA N\u00b0 S 3180 disponible ici : <\/span><a href=\"https:\/\/www.ameli.fr\/sites\/default\/files\/formualires\/169\/s3180.pdf\" target=\"_blank\" rel=\"noopener\"><span style=\"font-weight: 400;\">Demande capital d\u00e9c\u00e8s pour la CPAM<\/span><\/a><span style=\"font-weight: 400;\"> .<\/span><\/p>\n<p><span style=\"font-weight: 400;\">Les pi\u00e8ces justificatives, \u00e0 joindre \u00e0 la demande, sont indiqu\u00e9es sur ce formulaire.\u00a0<\/span><\/p>\n<p><span style=\"font-weight: 400;\">Elles varient en fonction de la situation professionnelle du d\u00e9funt, du lien de parent\u00e9, du lieu de domiciliation du demandeur et du lieu du d\u00e9c\u00e8s (en France ou \u00e0 l\u2019\u00e9tranger).\u00a0\u00a0<\/span><\/p>\n<p>&nbsp;<\/p>\n<h4><b>Comment remplir le formulaire de demande ?<\/b><\/h4>\n<p><span style=\"font-weight: 400;\">Il est temps de remplir le formulaire de demande de capital d\u00e9c\u00e8s CPAM. Bien que la notice soit jointe au formulaire, voici <\/span><b>un guide \u00e9tape par \u00e9tape<\/b><span style=\"font-weight: 400;\"> pour vous aider \u00e0 remplir le formulaire avec pr\u00e9cision :<\/span><span style=\"font-weight: 400;\">\u00a0<\/span><\/p>\n<ul>\n<li style=\"font-weight: 400;\" aria-level=\"1\"><span style=\"font-weight: 400;\">Commencez par remplir les informations qui vous concernent et listez l\u2019ensemble des personnes qui pourraient \u00eatre \u00e9ligible.<\/span><\/li>\n<li style=\"font-weight: 400;\" aria-level=\"1\"><span style=\"font-weight: 400;\">Renseignez les informations li\u00e9es au d\u00e9funt (N\u00b0 s\u00e9curit\u00e9 social, Nom, Pr\u00e9nom) et les informations concernant le d\u00e9c\u00e8s (date, lieu, cause)<\/span><\/li>\n<li style=\"font-weight: 400;\" aria-level=\"1\"><span style=\"font-weight: 400;\">Remplissez les informations relatives \u00e0 sa situation professionnelle.<\/span><\/li>\n<li style=\"font-weight: 400;\" aria-level=\"1\"><span style=\"font-weight: 400;\">Enfin renseignez sa situation de famille<\/span><\/li>\n<li style=\"font-weight: 400;\" aria-level=\"1\"><span style=\"font-weight: 400;\">Fournissez les informations bancaires n\u00e9cessaires pour que le capital d\u00e9c\u00e8s CPAM soit vers\u00e9 directement sur votre compte.<\/span><\/li>\n<li style=\"font-weight: 400;\" aria-level=\"1\"><span style=\"font-weight: 400;\">Signez et datez le formulaire de demande.<\/span><\/li>\n<\/ul>\n<p><b>N\u2019oubliez pas de joindre l\u2019ensemble des justificatifs \u00e0 votre demande, sans quoi elle ne sera pas trait\u00e9e.<\/b><\/p>\n<p>&nbsp;<\/p>\n<h4><b>O\u00f9 envoyer la demande<\/b><\/h4>\n<p><span style=\"font-weight: 400;\">Une fois que vous avez<\/span><b> rempli le formulaire <\/b><span style=\"font-weight: 400;\">de demande et rassembl\u00e9 tous les documents n\u00e9cessaires, il est temps d\u2019envoyer votre demande \u00e0 la\u00a0 CPAM.<\/span><\/p>\n<p><b>La demande est \u00e0 adresser \u00e0 la caisse d\u2019assurance maladie dont d\u00e9pendait le d\u00e9funt.<\/b><\/p>\n<p><b>L\u2019annuaire des CPAM du service public vous aidera \u00e0 trouver l\u2019adresse postal : <\/b><a href=\"https:\/\/lannuaire.service-public.fr\/navigation\/cpam\" target=\"_blank\" rel=\"noopener\"><b>Annuaire des CPAM<\/b><\/a><\/p>\n<p>&nbsp;<\/p>\n<figure id=\"attachment_4434\" aria-describedby=\"caption-attachment-4434\" style=\"width: 1024px\" class=\"wp-caption aligncenter\"><img loading=\"lazy\" decoding=\"async\" class=\"wp-image-4434 size-large\" src=\"https:\/\/postumo.fr\/wp-content\/uploads\/2023\/07\/ou-envoyer-sa-demande-de-capital-deces-cpam-1024x684.jpg\" alt=\"O\u00f9 envoyer sa demande de Capital D\u00e9c\u00e8s CPAM ? \" width=\"1024\" height=\"684\" title=\"\" srcset=\"https:\/\/www.postumo.fr\/wp-content\/uploads\/2023\/07\/ou-envoyer-sa-demande-de-capital-deces-cpam-1024x684.jpg 1024w, https:\/\/www.postumo.fr\/wp-content\/uploads\/2023\/07\/ou-envoyer-sa-demande-de-capital-deces-cpam-300x200.jpg 300w, https:\/\/www.postumo.fr\/wp-content\/uploads\/2023\/07\/ou-envoyer-sa-demande-de-capital-deces-cpam-768x513.jpg 768w, https:\/\/www.postumo.fr\/wp-content\/uploads\/2023\/07\/ou-envoyer-sa-demande-de-capital-deces-cpam-1536x1026.jpg 1536w, https:\/\/www.postumo.fr\/wp-content\/uploads\/2023\/07\/ou-envoyer-sa-demande-de-capital-deces-cpam-610x407.jpg 610w, https:\/\/www.postumo.fr\/wp-content\/uploads\/2023\/07\/ou-envoyer-sa-demande-de-capital-deces-cpam.jpg 2000w\" sizes=\"(max-width: 1024px) 100vw, 1024px\" \/><figcaption id=\"caption-attachment-4434\" class=\"wp-caption-text\">O\u00f9 envoyer sa demande de Capital D\u00e9c\u00e8s CPAM ?<\/figcaption><\/figure>\n<p>&nbsp;<\/p>\n<p><span style=\"font-weight: 400;\">Il est important de noter que le traitement de votre demande peut prendre plusieurs semaines, alors soyez patient. Si vous avez des questions ou des pr\u00e9occupations concernant votre demande, <\/span><b>n\u2019h\u00e9sitez pas \u00e0 contacter CPAM<\/b><span style=\"font-weight: 400;\"> pour obtenir de l\u2019aide.<\/span><\/p>\n<p><span style=\"font-weight: 400;\">En somme, faire une demande de capital d\u00e9c\u00e8s CPAM peut sembler compliqu\u00e9, mais avec les bons documents et en suivant les \u00e9tapes ci-dessus, vous pouvez vous assurer que votre demande <\/span><b>est remplie avec pr\u00e9cision et envoy\u00e9e \u00e0 l\u2019adresse correcte<\/b><span style=\"font-weight: 400;\">. <\/span><\/p>\n<p><span style=\"font-weight: 400;\">Si vous avez besoin d\u2019aide suppl\u00e9mentaire, n\u2019h\u00e9sitez pas \u00e0 contacter la CPAM pour obtenir des informations et des conseils ou vous faire accompagner par <\/span><a href=\"https:\/\/www.postumo.fr\/en\/allocation-deces\/\" target=\"_blank\" rel=\"noopener\"><span style=\"font-weight: 400;\">Postumo qui vous accompagnera \u00e0 chaque \u00e9tape.<\/span><\/a><\/p>\n<p><span style=\"font-weight: 400;\">\u00a0<\/span><\/p>\n<p><span style=\"font-weight: 400;\">Il est donc recommand\u00e9 de fournir tous les documents n\u00e9cessaires d\u00e8s la premi\u00e8re demande afin <\/span><b>d\u2019\u00e9viter tout retard <\/b><span style=\"font-weight: 400;\">dans le traitement de la demande.\u00a0<\/span><\/p>\n<p>&nbsp;<\/p>\n<h2><b>Capital D\u00e9c\u00e8s Assurance Maladie : des conseils mis \u00e0 jour r\u00e9guli\u00e8rement<\/b><\/h2>\n<p><span style=\"font-weight: 400;\">Le site de l\u2019Assurance Maladie donne de pr\u00e9cieuses informations mises \u00e0 jour r\u00e9guli\u00e8rement. Vous pouvez consulter la page <\/span><a href=\"https:\/\/www.ameli.fr\/assure\/remboursements\/pensions-allocations-rentes\/deces-proche-capital-deces\" target=\"_blank\" rel=\"noopener\"><span style=\"font-weight: 400;\">d\u00e9c\u00e8s d\u2019un proche : prestations et formalit\u00e9s.<\/span><\/a><\/p>\n<p>&nbsp;<\/p>\n<figure id=\"attachment_4440\" aria-describedby=\"caption-attachment-4440\" style=\"width: 600px\" class=\"wp-caption aligncenter\"><a href=\"https:\/\/www.ameli.fr\/assure\/remboursements\/pensions-allocations-rentes\/deces-proche-capital-deces\" target=\"_blank\" rel=\"noopener\"><img loading=\"lazy\" decoding=\"async\" class=\"wp-image-4440 size-full\" src=\"https:\/\/postumo.fr\/wp-content\/uploads\/2023\/07\/infographie_Assures-deces-proche.gif-scaled.webp\" alt=\"Infographie l&#039;essentiel de vos d\u00e9marches pour effectuer une demande de Capital D\u00e9c\u00e8s\" width=\"600\" height=\"2560\" title=\"\" srcset=\"https:\/\/www.postumo.fr\/wp-content\/uploads\/2023\/07\/infographie_Assures-deces-proche.gif-scaled.webp 600w, https:\/\/www.postumo.fr\/wp-content\/uploads\/2023\/07\/infographie_Assures-deces-proche.gif-70x300.webp 70w, https:\/\/www.postumo.fr\/wp-content\/uploads\/2023\/07\/infographie_Assures-deces-proche.gif-240x1024.webp 240w, https:\/\/www.postumo.fr\/wp-content\/uploads\/2023\/07\/infographie_Assures-deces-proche.gif-360x1536.webp 360w, https:\/\/www.postumo.fr\/wp-content\/uploads\/2023\/07\/infographie_Assures-deces-proche.gif-480x2048.webp 480w\" sizes=\"(max-width: 600px) 100vw, 600px\" \/><\/a><figcaption id=\"caption-attachment-4440\" class=\"wp-caption-text\">Infographie l&rsquo;essentiel de vos d\u00e9marches pour effectuer une demande de capital d\u00e9c\u00e8s<\/figcaption><\/figure>\n<h2><b>Conclusion<\/b><\/h2>\n<p><span style=\"font-weight: 400;\">Dans cet article, nous avons examin\u00e9 en d\u00e9tail ce qu\u2019est le capital d\u00e9c\u00e8s CPAM, qui peut en b\u00e9n\u00e9ficier et comment faire une demande.<\/span><\/p>\n<p><span style=\"font-weight: 400;\">Pour en savoir plus sur le capital d\u00e9c\u00e8s CPAM, vous pouvez consulter le <\/span><a href=\"https:\/\/www.ameli.fr\/entreprise\/vos-salaries\/deces-salarie-capital-deces\" target=\"_blank\" rel=\"noopener\"><span style=\"font-weight: 400;\">site web de la CPAM<\/span><\/a><span style=\"font-weight: 400;\"> ou contacter directement votre CPAM locale. Vous pouvez \u00e9galement consulter le site web du gouvernement fran\u00e7ais pour obtenir des informations suppl\u00e9mentaires sur les prestations sociales. <\/span><\/p>\n<p><span style=\"font-weight: 400;\">Enfin, si vous voulez avoir de l\u2019aide pour effectuer les formalit\u00e9s relatives au d\u00e9c\u00e8s d\u2019un proche et garantir que vous serez inform\u00e9 et accompagn\u00e9 dans l\u2019obtention de toutes les aides auxquelles vous ou votre famille \u00eates \u00e9ligible, inscrivez-vous sur Postumo.\u00a0<\/span><\/p>\n<p>&nbsp;<\/p>\n<h3><\/h3>\n<h3><\/h3>\n<p>&nbsp;<\/p>\n<span class=\"et_bloom_bottom_trigger\"><\/span>","protected":false},"excerpt":{"rendered":"<p>Vous avez des interrogations sur le capital d\u00e9c\u00e8s CPAM ? Postumo vous explique pas \u00e0 pas tout ce qu&rsquo;il faut savoir pour obtenir cette aide aptr\u00e8s d\u00e9c\u00e8s.<\/p>","protected":false},"author":3,"featured_media":4428,"comment_status":"open","ping_status":"open","sticky":false,"template":"","format":"standard","meta":{"_eb_attr":"","content-type":"","footnotes":""},"categories":[20,19],"tags":[],"class_list":["post-3469","post","type-post","status-publish","format-standard","has-post-thumbnail","hentry","category-capital-deces","category-aides-financieres"],"blocksy_meta":[],"_links":{"self":[{"href":"https:\/\/www.postumo.fr\/en\/wp-json\/wp\/v2\/posts\/3469","targetHints":{"allow":["GET"]}}],"collection":[{"href":"https:\/\/www.postumo.fr\/en\/wp-json\/wp\/v2\/posts"}],"about":[{"href":"https:\/\/www.postumo.fr\/en\/wp-json\/wp\/v2\/types\/post"}],"author":[{"embeddable":true,"href":"https:\/\/www.postumo.fr\/en\/wp-json\/wp\/v2\/users\/3"}],"replies":[{"embeddable":true,"href":"https:\/\/www.postumo.fr\/en\/wp-json\/wp\/v2\/comments?post=3469"}],"version-history":[{"count":17,"href":"https:\/\/www.postumo.fr\/en\/wp-json\/wp\/v2\/posts\/3469\/revisions"}],"predecessor-version":[{"id":4444,"href":"https:\/\/www.postumo.fr\/en\/wp-json\/wp\/v2\/posts\/3469\/revisions\/4444"}],"wp:featuredmedia":[{"embeddable":true,"href":"https:\/\/www.postumo.fr\/en\/wp-json\/wp\/v2\/media\/4428"}],"wp:attachment":[{"href":"https:\/\/www.postumo.fr\/en\/wp-json\/wp\/v2\/media?parent=3469"}],"wp:term":[{"taxonomy":"category","embeddable":true,"href":"https:\/\/www.postumo.fr\/en\/wp-json\/wp\/v2\/categories?post=3469"},{"taxonomy":"post_tag","embeddable":true,"href":"https:\/\/www.postumo.fr\/en\/wp-json\/wp\/v2\/tags?post=3469"}],"curies":[{"name":"wp","href":"https:\/\/api.w.org\/{rel}","templated":true}]}}